{"id":5665,"date":"2023-03-22T10:23:38","date_gmt":"2023-03-22T09:23:38","guid":{"rendered":"https:\/\/campingetxarri.com\/10-cosas-que-hacer-en-lampolla\/"},"modified":"2023-06-12T13:46:22","modified_gmt":"2023-06-12T11:46:22","slug":"10-cosas-que-hacer-en-lampolla","status":"publish","type":"post","link":"https:\/\/campingetxarri.com\/ca\/10-cosas-que-hacer-en-lampolla\/","title":{"rendered":"10 Coses que fer a l&#8217;Ampolla"},"content":{"rendered":"\n\t<section class=\"section\" id=\"section_2075605388\">\n\t\t<div class=\"bg section-bg fill bg-fill bg-loaded bg-loaded\" >\n\n\t\t\t\n\t\t\t\n\t\t\t\n\n\t\t<\/div>\n\n\t\t\n\n\t\t<div class=\"section-content relative\">\n\t\t\t\n\n<div class=\"row align-center\"  id=\"row-1351042084\">\n\n\n\t<div id=\"col-840534075\" class=\"col medium-10 small-12 large-10\"  >\n\t\t\t\t<div class=\"col-inner\"  >\n\t\t\t\n\t\t\t\n\n\t<div id=\"text-2200417055\" class=\"text\">\n\t\t\n\n<p class=\"lead\"><span style=\"font-size: 95%;\">Et presentem 10 activitats per realitzar durant les teves vacances a l&#8217;Ampolla i al Delta de l&#8217;Ebre. Gaudeix al m\u00e0xim de les teves vacances amb les idees que et recomanem.<\/span><\/p>\n<p>&nbsp;<\/p>\n<h2>1. Visita el <span style=\"font-weight: 400;\">Jard\u00ed bot\u00e0nic Ecoherbes Park.<\/span><\/h2>\n<p style=\"text-align: left;\">Un lloc perfecte per a visitants de totes les edats i perfils. A l&#8217;\u00fanic jard\u00ed bot\u00e0nic de la prov\u00edncia de Tarragona creixen fins a 400 esp\u00e8cies diferents de plantes arom\u00e0tiques i medicinals. Descobreix-les totes i envolta&#8217;t de la naturalesa pura de l&#8217;Ecoherbes Park, un lloc id\u00edl\u00b7lic a la reserva de la Biosfera de Terres de l&#8217;Ebre. A m\u00e9s, enmig del parc, la fauna local campa a les seves amplesses entre les diferents plantes i arbres. Dins del parc tamb\u00e9 trobar\u00e0s zones de descans i merenders.<\/p>\n\t\t\n<style>\n#text-2200417055 {\n  text-align: left;\n}\n<\/style>\n\t<\/div>\n\t\n\n\t\t<\/div>\n\t\t\t\t\t<\/div>\n\n\t\n\n<\/div>\n<div class=\"row\"  id=\"row-92979418\">\n\n\n\t<div id=\"col-716065483\" class=\"col medium-6 small-12 large-6\"  >\n\t\t\t\t<div class=\"col-inner\"  >\n\t\t\t\n\t\t\t\n\n\n  <div class=\"banner has-hover\" id=\"banner-1766851843\">\n          <div class=\"banner-inner fill\">\n        <div class=\"banner-bg fill\" >\n            <div class=\"bg fill bg-fill bg-loaded\"><\/div>\n                                    \n                    <\/div>\n\t\t\n        <div class=\"banner-layers container\">\n            <div class=\"fill banner-link\"><\/div>            \n\n\n        <\/div>\n      <\/div>\n\n            \n<style>\n#banner-1766851843 {\n  padding-top: 300px;\n  background-color: rgb(255, 255, 255);\n}\n#banner-1766851843 .bg.bg-loaded {\n  background-image: 5012;\n}\n#banner-1766851843 .bg {\n  background-position: 37% 100%;\n}\n@media (min-width:550px) {\n  #banner-1766851843 {\n    padding-top: 400px;\n  }\n}\n@media (min-width:850px) {\n  #banner-1766851843 {\n    padding-top: 400px;\n  }\n}\n<\/style>\n  <\/div>\n\n\n\n\t\t<\/div>\n\t\t\t\t\n<style>\n#col-716065483 > .col-inner {\n  margin: 0px 0px 10px 0px;\n}\n<\/style>\n\t<\/div>\n\n\t\n\n\t<div id=\"col-1304727996\" class=\"col medium-6 small-12 large-6\"  >\n\t\t\t\t<div class=\"col-inner\"  >\n\t\t\t\n\t\t\t\n\n\n  <div class=\"banner has-hover\" id=\"banner-29292484\">\n          <div class=\"banner-inner fill\">\n        <div class=\"banner-bg fill\" >\n            <div class=\"bg fill bg-fill bg-loaded\"><\/div>\n                                    \n                    <\/div>\n\t\t\n        <div class=\"banner-layers container\">\n            <div class=\"fill banner-link\"><\/div>            \n\n\n        <\/div>\n      <\/div>\n\n            \n<style>\n#banner-29292484 {\n  padding-top: 300px;\n  background-color: rgb(255, 255, 255);\n}\n#banner-29292484 .bg.bg-loaded {\n  background-image: 5016;\n}\n#banner-29292484 .bg {\n  background-position: 0% 99%;\n}\n@media (min-width:550px) {\n  #banner-29292484 {\n    padding-top: 400px;\n  }\n}\n@media (min-width:850px) {\n  #banner-29292484 {\n    padding-top: 200px;\n  }\n}\n<\/style>\n  <\/div>\n\n\n\n  <div class=\"banner has-hover\" id=\"banner-933412564\">\n          <div class=\"banner-inner fill\">\n        <div class=\"banner-bg fill\" >\n            <div class=\"bg fill bg-fill bg-loaded\"><\/div>\n                                    \n                    <\/div>\n\t\t\n        <div class=\"banner-layers container\">\n            <div class=\"fill banner-link\"><\/div>            \n\n\n        <\/div>\n      <\/div>\n\n            \n<style>\n#banner-933412564 {\n  padding-top: 300px;\n  background-color: rgb(255, 255, 255);\n}\n#banner-933412564 .bg.bg-loaded {\n  background-image: 5020;\n}\n#banner-933412564 .bg {\n  background-position: 0% 99%;\n}\n@media (min-width:550px) {\n  #banner-933412564 {\n    padding-top: 400px;\n  }\n}\n@media (min-width:850px) {\n  #banner-933412564 {\n    padding-top: 200px;\n  }\n}\n<\/style>\n  <\/div>\n\n\n\n\t\t<\/div>\n\t\t\t\t\n<style>\n#col-1304727996 > .col-inner {\n  margin: 0px 0px 10px 0px;\n}\n<\/style>\n\t<\/div>\n\n\t\n\n<\/div>\n<div class=\"row align-center\"  id=\"row-1673891505\">\n\n\n\t<div id=\"col-89058613\" class=\"col medium-10 small-12 large-10\"  >\n\t\t\t\t<div class=\"col-inner text-left\"  >\n\t\t\t\n\t\t\t\n\n<h2>2. SENDERISME PER LES PLATGES I ACANTILATS DE LA COSTA DE L&#8217;AMPOLLA<\/h2>\n<p style=\"text-align: left;\">Un dels itineraris m\u00e9s bonics de tota la costa \u00e9s el que recorre un sender preci\u00f3s pels acantilats, cales i platges que connecten els pobles pesquers de l&#8217;Ampolla, en l&#8217;inici de la ruta, i l&#8217;Ametlla de Mar, en el seu final. Aquest cam\u00ed era recorregut antiguament pels carabiners que vigilaven i protegien les costes de l&#8217;Ampolla i l&#8217;Ametlla de Mar dels contrabandistes que aprofitaven la nit per actuar.<\/p>\n\n\t\t<\/div>\n\t\t\t\t\t<\/div>\n\n\t\n\n<\/div>\n<div class=\"row\"  id=\"row-1982114003\">\n\n\n\t<div id=\"col-1563559750\" class=\"col medium-6 small-12 large-6\"  >\n\t\t\t\t<div class=\"col-inner\"  >\n\t\t\t\n\t\t\t\n\n\n  <div class=\"banner has-hover\" id=\"banner-1697562956\">\n          <div class=\"banner-inner fill\">\n        <div class=\"banner-bg fill\" >\n            <div class=\"bg fill bg-fill bg-loaded\"><\/div>\n                                    \n                    <\/div>\n\t\t\n        <div class=\"banner-layers container\">\n            <div class=\"fill banner-link\"><\/div>            \n\n\n        <\/div>\n      <\/div>\n\n            \n<style>\n#banner-1697562956 {\n  padding-top: 300px;\n  background-color: rgb(255, 255, 255);\n}\n#banner-1697562956 .bg.bg-loaded {\n  background-image: 5024;\n}\n#banner-1697562956 .bg {\n  background-position: 37% 100%;\n}\n@media (min-width:550px) {\n  #banner-1697562956 {\n    padding-top: 400px;\n  }\n}\n@media (min-width:850px) {\n  #banner-1697562956 {\n    padding-top: 350px;\n  }\n}\n<\/style>\n  <\/div>\n\n\n\n\t\t<\/div>\n\t\t\t\t\n<style>\n#col-1563559750 > .col-inner {\n  margin: 0px 0px 10px 0px;\n}\n<\/style>\n\t<\/div>\n\n\t\n\n\t<div id=\"col-394277285\" class=\"col medium-6 small-12 large-6\"  >\n\t\t\t\t<div class=\"col-inner\"  >\n\t\t\t\n\t\t\t\n\n\n  <div class=\"banner has-hover\" id=\"banner-1091459142\">\n          <div class=\"banner-inner fill\">\n        <div class=\"banner-bg fill\" >\n            <div class=\"bg fill bg-fill bg-loaded\"><\/div>\n                                    \n                    <\/div>\n\t\t\n        <div class=\"banner-layers container\">\n            <div class=\"fill banner-link\"><\/div>            \n\n\n        <\/div>\n      <\/div>\n\n            \n<style>\n#banner-1091459142 {\n  padding-top: 300px;\n  background-color: rgb(255, 255, 255);\n}\n#banner-1091459142 .bg.bg-loaded {\n  background-image: 5028;\n}\n#banner-1091459142 .bg {\n  background-position: 100% 100%;\n}\n@media (min-width:550px) {\n  #banner-1091459142 {\n    padding-top: 400px;\n  }\n}\n@media (min-width:850px) {\n  #banner-1091459142 {\n    padding-top: 350px;\n  }\n}\n<\/style>\n  <\/div>\n\n\n\n\t\t<\/div>\n\t\t\t\t\n<style>\n#col-394277285 > .col-inner {\n  margin: 0px 0px 10px 0px;\n}\n<\/style>\n\t<\/div>\n\n\t\n\n<\/div>\n<div class=\"row align-center\"  id=\"row-1962199578\">\n\n\n\t<div id=\"col-969057416\" class=\"col medium-10 small-12 large-10\"  >\n\t\t\t\t<div class=\"col-inner text-left\"  >\n\t\t\t\n\t\t\t\n\n<h2>3. VISITA EL MIRADOR BADIA EN MEITAT DEL MAR<\/h2>\n<p>Un mirador diferent de la resta. Sobreeix a una de les barques r\u00e0pides anti-mal de mar que t&#8217;endinsar\u00e0 en un dels llocs m\u00e9s bonics del Delta de l&#8217;Ebre. En aquest paratge mar\u00ed podr\u00e0s visitar les muscleres del Delta en una ruta per un veritable museu en alta mar. A m\u00e9s, podr\u00e0s tastar musclos i tapes amb aliments aut\u00f2ctons o prendre una copa de cava al mateix Mirador Badia.<\/p>\n\n\t\t<\/div>\n\t\t\t\t\t<\/div>\n\n\t\n\n<\/div>\n<div class=\"row\"  id=\"row-2085896721\">\n\n\n\t<div id=\"col-1018385695\" class=\"col small-12 large-12\"  >\n\t\t\t\t<div class=\"col-inner\"  >\n\t\t\t\n\t\t\t\n\n\n  <div class=\"banner has-hover\" id=\"banner-397685318\">\n          <div class=\"banner-inner fill\">\n        <div class=\"banner-bg fill\" >\n            <div class=\"bg fill bg-fill bg-loaded\"><\/div>\n                                    \n                    <\/div>\n\t\t\n        <div class=\"banner-layers container\">\n            <div class=\"fill banner-link\"><\/div>            \n\n\n        <\/div>\n      <\/div>\n\n            \n<style>\n#banner-397685318 {\n  padding-top: 300px;\n  background-color: rgb(255, 255, 255);\n}\n#banner-397685318 .bg.bg-loaded {\n  background-image: 5032;\n}\n#banner-397685318 .bg {\n  background-position: 37% 100%;\n}\n@media (min-width:550px) {\n  #banner-397685318 {\n    padding-top: 400px;\n  }\n}\n@media (min-width:850px) {\n  #banner-397685318 {\n    padding-top: 300px;\n  }\n}\n<\/style>\n  <\/div>\n\n\n\n\t\t<\/div>\n\t\t\t\t\n<style>\n#col-1018385695 > .col-inner {\n  margin: 0px 0px 10px 0px;\n}\n<\/style>\n\t<\/div>\n\n\t\n\n<\/div>\n<div class=\"row align-center\"  id=\"row-638208025\">\n\n\n\t<div id=\"col-1831904694\" class=\"col medium-10 small-12 large-10\"  >\n\t\t\t\t<div class=\"col-inner\"  >\n\t\t\t\n\t\t\t\n\n\t<div id=\"text-3163850792\" class=\"text\">\n\t\t\n\n<h2>4. ATREVEIX-TE A MONTAR EN MOTO AQU\u00c0TICA<\/h2>\n<p>El teu costat m\u00e9s aventurer est\u00e0 llest per viure una experi\u00e8ncia espectacular. Atr\u00e9vete a pujar a les motos d&#8217;aigua o a l&#8217;esqu\u00ed aqu\u00e0tic i mou-te per la costa de l&#8217;Ampolla i l&#8217;Ametlla de Mar a trav\u00e9s de les aig\u00fces del Mediterrani. Descobreix les diferents zones que ofereixen serveis d&#8217;alquiler de motos aqu\u00e0tiques i satisf\u00e0 el capritx\u00f3s desig de viure una experi\u00e8ncia inigualable.<\/p>\n\t\t\n<style>\n#text-3163850792 {\n  text-align: left;\n}\n<\/style>\n\t<\/div>\n\t\n\n\t\t<\/div>\n\t\t\t\t\t<\/div>\n\n\t\n\n<\/div>\n<div class=\"row\"  id=\"row-991025513\">\n\n\n\t<div id=\"col-1621862270\" class=\"col medium-6 small-12 large-6\"  >\n\t\t\t\t<div class=\"col-inner\"  >\n\t\t\t\n\t\t\t\n\n\n  <div class=\"banner has-hover\" id=\"banner-87712905\">\n          <div class=\"banner-inner fill\">\n        <div class=\"banner-bg fill\" >\n            <div class=\"bg fill bg-fill bg-loaded\"><\/div>\n                                    \n                    <\/div>\n\t\t\n        <div class=\"banner-layers container\">\n            <div class=\"fill banner-link\"><\/div>            \n\n\n        <\/div>\n      <\/div>\n\n            \n<style>\n#banner-87712905 {\n  padding-top: 300px;\n  background-color: rgb(255, 255, 255);\n}\n#banner-87712905 .bg.bg-loaded {\n  background-image: 5036;\n}\n#banner-87712905 .bg {\n  background-position: 37% 100%;\n}\n@media (min-width:550px) {\n  #banner-87712905 {\n    padding-top: 400px;\n  }\n}\n@media (min-width:850px) {\n  #banner-87712905 {\n    padding-top: 350px;\n  }\n}\n<\/style>\n  <\/div>\n\n\n\n\t\t<\/div>\n\t\t\t\t\n<style>\n#col-1621862270 > .col-inner {\n  margin: 0px 0px 10px 0px;\n}\n<\/style>\n\t<\/div>\n\n\t\n\n\t<div id=\"col-1637807283\" class=\"col medium-6 small-12 large-6\"  >\n\t\t\t\t<div class=\"col-inner\"  >\n\t\t\t\n\t\t\t\n\n\n  <div class=\"banner has-hover\" id=\"banner-649621767\">\n          <div class=\"banner-inner fill\">\n        <div class=\"banner-bg fill\" >\n            <div class=\"bg fill bg-fill bg-loaded\"><\/div>\n                                    \n                    <\/div>\n\t\t\n        <div class=\"banner-layers container\">\n            <div class=\"fill banner-link\"><\/div>            \n\n\n        <\/div>\n      <\/div>\n\n            \n<style>\n#banner-649621767 {\n  padding-top: 300px;\n  background-color: rgb(255, 255, 255);\n}\n#banner-649621767 .bg.bg-loaded {\n  background-image: 5040;\n}\n#banner-649621767 .bg {\n  background-position: 100% 100%;\n}\n@media (min-width:550px) {\n  #banner-649621767 {\n    padding-top: 400px;\n  }\n}\n@media (min-width:850px) {\n  #banner-649621767 {\n    padding-top: 350px;\n  }\n}\n<\/style>\n  <\/div>\n\n\n\n\t\t<\/div>\n\t\t\t\t\n<style>\n#col-1637807283 > .col-inner {\n  margin: 0px 0px 10px 0px;\n}\n<\/style>\n\t<\/div>\n\n\t\n\n<\/div>\n<div class=\"row align-center\"  id=\"row-1596910402\">\n\n\n\t<div id=\"col-1928351456\" class=\"col medium-10 small-12 large-10\"  >\n\t\t\t\t<div class=\"col-inner\"  >\n\t\t\t\n\t\t\t\n\n\t<div id=\"text-656374441\" class=\"text\">\n\t\t\n\n<h2>5. NAVEGA PEL DELTA<\/h2>\n<p>Descobreix el Delta de l&#8217;Ebre des de les seves entranyes. La grandiositat del Parc Natural del Delta de l&#8217;Ebre \u00e9s m\u00e9s accessible en els passejos i rutes en barca que s&#8217;ofereixen a trav\u00e9s del Delta fins a la desembocadura del riu Ebre. Podr\u00e0s observar tota la flora i fauna que creix al voltant del riu i la formaci\u00f3 de l&#8217;illa m\u00e9s gran de Catalunya, l&#8217;illa de Buda.<\/p>\n\t\t\n<style>\n#text-656374441 {\n  text-align: left;\n}\n<\/style>\n\t<\/div>\n\t\n\n\t\t<\/div>\n\t\t\t\t\t<\/div>\n\n\t\n\n<\/div>\n<div class=\"row\"  id=\"row-205753746\">\n\n\n\t<div id=\"col-1652398836\" class=\"col small-12 large-12\"  >\n\t\t\t\t<div class=\"col-inner\"  >\n\t\t\t\n\t\t\t\n\n\n  <div class=\"banner has-hover\" id=\"banner-1651019092\">\n          <div class=\"banner-inner fill\">\n        <div class=\"banner-bg fill\" >\n            <div class=\"bg fill bg-fill bg-loaded\"><\/div>\n                                    \n                    <\/div>\n\t\t\n        <div class=\"banner-layers container\">\n            <div class=\"fill banner-link\"><\/div>            \n\n\n        <\/div>\n      <\/div>\n\n            \n<style>\n#banner-1651019092 {\n  padding-top: 300px;\n  background-color: rgb(255, 255, 255);\n}\n#banner-1651019092 .bg.bg-loaded {\n  background-image: 5044;\n}\n#banner-1651019092 .bg {\n  background-position: 17% 48%;\n}\n@media (min-width:550px) {\n  #banner-1651019092 {\n    padding-top: 400px;\n  }\n}\n@media (min-width:850px) {\n  #banner-1651019092 {\n    padding-top: 300px;\n  }\n}\n<\/style>\n  <\/div>\n\n\n\n\t\t<\/div>\n\t\t\t\t\n<style>\n#col-1652398836 > .col-inner {\n  margin: 0px 0px 10px 0px;\n}\n<\/style>\n\t<\/div>\n\n\t\n\n<\/div>\n<div class=\"row align-center\"  id=\"row-274262607\">\n\n\n\t<div id=\"col-977689049\" class=\"col medium-10 small-12 large-10\"  >\n\t\t\t\t<div class=\"col-inner\"  >\n\t\t\t\n\t\t\t\n\n\t<div id=\"text-571529876\" class=\"text\">\n\t\t\n\n<h2>6. PROVA LA GASTRONOMIA LOCAL<\/h2>\n<p><span style=\"font-weight: 400;\">La millor cuina tradicional mediterr\u00e0nia la pots trobar als restaurants del Delta de l&#8217;Ebre i als seus voltants. Amb aliments aut\u00f2ctons, els restauradors locals preparen els seus plats de la manera m\u00e9s suculenta possible. Degusta les diferents formes de cuinar l&#8217;arr\u00f2s, producte estrella del Delta, aix\u00ed com les ostres, les galeres, musclos, angules i molts altres productes mariners preparats de la manera m\u00e9s apetitosa possible.<\/span><\/p>\n\t\t\n<style>\n#text-571529876 {\n  text-align: left;\n}\n<\/style>\n\t<\/div>\n\t\n\n\t\t<\/div>\n\t\t\t\t\t<\/div>\n\n\t\n\n<\/div>\n<div class=\"row\"  id=\"row-228009489\">\n\n\n\t<div id=\"col-937084049\" class=\"col medium-6 small-12 large-6\"  >\n\t\t\t\t<div class=\"col-inner\"  >\n\t\t\t\n\t\t\t\n\n\n  <div class=\"banner has-hover\" id=\"banner-628019886\">\n          <div class=\"banner-inner fill\">\n        <div class=\"banner-bg fill\" >\n            <div class=\"bg fill bg-fill bg-loaded\"><\/div>\n                                    \n                    <\/div>\n\t\t\n        <div class=\"banner-layers container\">\n            <div class=\"fill banner-link\"><\/div>            \n\n\n        <\/div>\n      <\/div>\n\n            \n<style>\n#banner-628019886 {\n  padding-top: 300px;\n  background-color: rgb(255, 255, 255);\n}\n#banner-628019886 .bg.bg-loaded {\n  background-image: 5048;\n}\n#banner-628019886 .bg {\n  background-position: 52% 52%;\n}\n@media (min-width:550px) {\n  #banner-628019886 {\n    padding-top: 400px;\n  }\n}\n@media (min-width:850px) {\n  #banner-628019886 {\n    padding-top: 350px;\n  }\n}\n<\/style>\n  <\/div>\n\n\n\n\t\t<\/div>\n\t\t\t\t\n<style>\n#col-937084049 > .col-inner {\n  margin: 0px 0px 10px 0px;\n}\n<\/style>\n\t<\/div>\n\n\t\n\n\t<div id=\"col-1525766406\" class=\"col medium-6 small-12 large-6\"  >\n\t\t\t\t<div class=\"col-inner\"  >\n\t\t\t\n\t\t\t\n\n\n  <div class=\"banner has-hover\" id=\"banner-1477107796\">\n          <div class=\"banner-inner fill\">\n        <div class=\"banner-bg fill\" >\n            <div class=\"bg fill bg-fill bg-loaded\"><\/div>\n                                    \n                    <\/div>\n\t\t\n        <div class=\"banner-layers container\">\n            <div class=\"fill banner-link\"><\/div>            \n\n\n        <\/div>\n      <\/div>\n\n            \n<style>\n#banner-1477107796 {\n  padding-top: 300px;\n  background-color: rgb(255, 255, 255);\n}\n#banner-1477107796 .bg.bg-loaded {\n  background-image: 5052;\n}\n#banner-1477107796 .bg {\n  background-position: 84% 19%;\n}\n@media (min-width:550px) {\n  #banner-1477107796 {\n    padding-top: 400px;\n  }\n}\n@media (min-width:850px) {\n  #banner-1477107796 {\n    padding-top: 350px;\n  }\n}\n<\/style>\n  <\/div>\n\n\n\n\t\t<\/div>\n\t\t\t\t\n<style>\n#col-1525766406 > .col-inner {\n  margin: 0px 0px 10px 0px;\n}\n<\/style>\n\t<\/div>\n\n\t\n\n<\/div>\n<div class=\"row align-center\"  id=\"row-1049616709\">\n\n\n\t<div id=\"col-1994363588\" class=\"col medium-10 small-12 large-10\"  >\n\t\t\t\t<div class=\"col-inner\"  >\n\t\t\t\n\t\t\t\n\n\t<div id=\"text-79346437\" class=\"text\">\n\t\t\n\n<h2>7. RELAXA&#8217;T AMB LA TEVA MASCOTA A LA MILLOR PLATJA CANINA DE LA PROV\u00cdNCIA<\/h2>\n<p>La teva mascota tamb\u00e9 t\u00e9 dret a gaudir de les seves vacances tant com tu! La Platja del Arenal \u00e9s ideal i \u00fanica. Una extensa platja al costat de l&#8217;Ampolla i davant del Camping Ampolla Playa on els gossos poden banyar-se amb tu en les aig\u00fces del mar Mediterrani. Una platja perfecta per a les teves vacances, poc profunda i d&#8217;aig\u00fces tranquil\u00b7les, on passar una tarda espl\u00e8ndida sota el sol de l&#8217;estiu mediterrani.<\/p>\n\t\t\n<style>\n#text-79346437 {\n  text-align: left;\n}\n<\/style>\n\t<\/div>\n\t\n\n\t\t<\/div>\n\t\t\t\t\t<\/div>\n\n\t\n\n<\/div>\n<div class=\"row\"  id=\"row-1577886498\">\n\n\n\t<div id=\"col-981952927\" class=\"col small-12 large-12\"  >\n\t\t\t\t<div class=\"col-inner\"  >\n\t\t\t\n\t\t\t\n\n\n  <div class=\"banner has-hover\" id=\"banner-1651666504\">\n          <div class=\"banner-inner fill\">\n        <div class=\"banner-bg fill\" >\n            <div class=\"bg fill bg-fill bg-loaded\"><\/div>\n                                    \n                    <\/div>\n\t\t\n        <div class=\"banner-layers container\">\n            <div class=\"fill banner-link\"><\/div>            \n\n\n        <\/div>\n      <\/div>\n\n            \n<style>\n#banner-1651666504 {\n  padding-top: 300px;\n  background-color: rgb(255, 255, 255);\n}\n#banner-1651666504 .bg.bg-loaded {\n  background-image: 5056;\n}\n#banner-1651666504 .bg {\n  background-position: 37% 100%;\n}\n@media (min-width:550px) {\n  #banner-1651666504 {\n    padding-top: 400px;\n  }\n}\n@media (min-width:850px) {\n  #banner-1651666504 {\n    padding-top: 350px;\n  }\n}\n<\/style>\n  <\/div>\n\n\n\n\t\t<\/div>\n\t\t\t\t\n<style>\n#col-981952927 > .col-inner {\n  margin: 0px 0px 10px 0px;\n}\n<\/style>\n\t<\/div>\n\n\t\n\n<\/div>\n<div class=\"row align-center\"  id=\"row-595989484\">\n\n\n\t<div id=\"col-1781556048\" class=\"col medium-10 small-12 large-10\"  >\n\t\t\t\t<div class=\"col-inner\"  >\n\t\t\t\n\t\t\t\n\n\t<div id=\"text-224851322\" class=\"text\">\n\t\t\n\n<h2>8. <span style=\"font-weight: 400;\">Banya&#8217;t amb tonyines gegants l\u2019Ametlla de Mar<\/span><\/h2>\n<p>Vols viure una experi\u00e8ncia \u00fanica que dif\u00edcilment oblidar\u00e0s? Atr\u00e9vete a submergir-te en les aig\u00fces mediterr\u00e0nies neddant entre enormes t\u00fanids de la costa de l&#8217;Ametlla de Mar. Embolica&#8217;t en l&#8217;h\u00e0bitat d&#8217;aquests grans animals marins i sent-te part de l&#8217;ecosistema mar\u00ed del Delta. Una impressionant aventura marina que recordar\u00e0s per sempre!<\/p>\n\t\t\n<style>\n#text-224851322 {\n  text-align: left;\n}\n<\/style>\n\t<\/div>\n\t\n\n\t\t<\/div>\n\t\t\t\t\t<\/div>\n\n\t\n\n<\/div>\n<div class=\"row\"  id=\"row-1372850035\">\n\n\n\t<div id=\"col-2079623354\" class=\"col medium-6 small-12 large-6\"  >\n\t\t\t\t<div class=\"col-inner\"  >\n\t\t\t\n\t\t\t\n\n\n  <div class=\"banner has-hover\" id=\"banner-996881796\">\n          <div class=\"banner-inner fill\">\n        <div class=\"banner-bg fill\" >\n            <div class=\"bg fill bg-fill bg-loaded\"><\/div>\n                                    \n                    <\/div>\n\t\t\n        <div class=\"banner-layers container\">\n            <div class=\"fill banner-link\"><\/div>            \n\n\n        <\/div>\n      <\/div>\n\n            \n<style>\n#banner-996881796 {\n  padding-top: 300px;\n  background-color: rgb(255, 255, 255);\n}\n#banner-996881796 .bg.bg-loaded {\n  background-image: 5060;\n}\n#banner-996881796 .bg {\n  background-position: 37% 100%;\n}\n@media (min-width:550px) {\n  #banner-996881796 {\n    padding-top: 400px;\n  }\n}\n@media (min-width:850px) {\n  #banner-996881796 {\n    padding-top: 450px;\n  }\n}\n<\/style>\n  <\/div>\n\n\n\n\t\t<\/div>\n\t\t\t\t\n<style>\n#col-2079623354 > .col-inner {\n  margin: 0px 0px 10px 0px;\n}\n<\/style>\n\t<\/div>\n\n\t\n\n\t<div id=\"col-1851190230\" class=\"col medium-6 small-12 large-6\"  >\n\t\t\t\t<div class=\"col-inner\"  >\n\t\t\t\n\t\t\t\n\n\n  <div class=\"banner has-hover\" id=\"banner-1369375217\">\n          <div class=\"banner-inner fill\">\n        <div class=\"banner-bg fill\" >\n            <div class=\"bg fill bg-fill bg-loaded\"><\/div>\n                                    \n                    <\/div>\n\t\t\n        <div class=\"banner-layers container\">\n            <div class=\"fill banner-link\"><\/div>            \n\n\n        <\/div>\n      <\/div>\n\n            \n<style>\n#banner-1369375217 {\n  padding-top: 300px;\n  background-color: rgb(255, 255, 255);\n}\n#banner-1369375217 .bg.bg-loaded {\n  background-image: 5064;\n}\n#banner-1369375217 .bg {\n  background-position: 100% 100%;\n}\n@media (min-width:550px) {\n  #banner-1369375217 {\n    padding-top: 400px;\n  }\n}\n@media (min-width:850px) {\n  #banner-1369375217 {\n    padding-top: 250px;\n  }\n}\n<\/style>\n  <\/div>\n\n\n\n  <div class=\"banner has-hover\" id=\"banner-1347772589\">\n          <div class=\"banner-inner fill\">\n        <div class=\"banner-bg fill\" >\n            <div class=\"bg fill bg-fill bg-loaded\"><\/div>\n                                    \n                    <\/div>\n\t\t\n        <div class=\"banner-layers container\">\n            <div class=\"fill banner-link\"><\/div>            \n\n\n        <\/div>\n      <\/div>\n\n            \n<style>\n#banner-1347772589 {\n  padding-top: 300px;\n  background-color: rgb(255, 255, 255);\n}\n#banner-1347772589 .bg.bg-loaded {\n  background-image: 5068;\n}\n#banner-1347772589 .bg {\n  background-position: 100% 100%;\n}\n@media (min-width:550px) {\n  #banner-1347772589 {\n    padding-top: 400px;\n  }\n}\n@media (min-width:850px) {\n  #banner-1347772589 {\n    padding-top: 200px;\n  }\n}\n<\/style>\n  <\/div>\n\n\n\n\t\t<\/div>\n\t\t\t\t\n<style>\n#col-1851190230 > .col-inner {\n  margin: 0px 0px 10px 0px;\n}\n<\/style>\n\t<\/div>\n\n\t\n\n<\/div>\n<div class=\"row align-center\"  id=\"row-1178900859\">\n\n\n\t<div id=\"col-647809987\" class=\"col medium-10 small-12 large-10\"  >\n\t\t\t\t<div class=\"col-inner\"  >\n\t\t\t\n\t\t\t\n\n\t<div id=\"text-801363550\" class=\"text\">\n\t\t\n\n<h2>9. RUTES EN BICI PEL DELTA<\/h2>\n<p>El cicloturisme \u00e9s un atractiu important\u00edssim al Delta de l&#8217;Ebre. Cada any milers d&#8217;aficionats al ciclisme escolleixen el Delta de l&#8217;Ebre per les seves vacances. Un lloc on potenciar la seva afici\u00f3 i entrenament a trav\u00e9s de les seves disferents rutes de platja i montanya que es troben per tota la zona.&nbsp;<\/p>\n\t\t\n<style>\n#text-801363550 {\n  text-align: left;\n}\n<\/style>\n\t<\/div>\n\t\n\n\t\t<\/div>\n\t\t\t\t\t<\/div>\n\n\t\n\n<\/div>\n<div class=\"row\"  id=\"row-1577443040\">\n\n\n\t<div id=\"col-1686870122\" class=\"col medium-6 small-12 large-6\"  >\n\t\t\t\t<div class=\"col-inner\"  >\n\t\t\t\n\t\t\t\n\n\n  <div class=\"banner has-hover\" id=\"banner-852928650\">\n          <div class=\"banner-inner fill\">\n        <div class=\"banner-bg fill\" >\n            <div class=\"bg fill bg-fill bg-loaded\"><\/div>\n                                    \n                    <\/div>\n\t\t\n        <div class=\"banner-layers container\">\n            <div class=\"fill banner-link\"><\/div>            \n\n\n        <\/div>\n      <\/div>\n\n            \n<style>\n#banner-852928650 {\n  padding-top: 300px;\n  background-color: rgb(255, 255, 255);\n}\n#banner-852928650 .bg.bg-loaded {\n  background-image: 5073;\n}\n#banner-852928650 .bg {\n  background-position: 69% 79%;\n}\n@media (min-width:550px) {\n  #banner-852928650 {\n    padding-top: 400px;\n  }\n}\n@media (min-width:850px) {\n  #banner-852928650 {\n    padding-top: 350px;\n  }\n}\n<\/style>\n  <\/div>\n\n\n\n\t\t<\/div>\n\t\t\t\t\n<style>\n#col-1686870122 > .col-inner {\n  margin: 0px 0px 10px 0px;\n}\n<\/style>\n\t<\/div>\n\n\t\n\n\t<div id=\"col-1439115371\" class=\"col medium-6 small-12 large-6\"  >\n\t\t\t\t<div class=\"col-inner\"  >\n\t\t\t\n\t\t\t\n\n\n  <div class=\"banner has-hover\" id=\"banner-1703939515\">\n          <div class=\"banner-inner fill\">\n        <div class=\"banner-bg fill\" >\n            <div class=\"bg fill bg-fill bg-loaded\"><\/div>\n                                    \n                    <\/div>\n\t\t\n        <div class=\"banner-layers container\">\n            <div class=\"fill banner-link\"><\/div>            \n\n\n        <\/div>\n      <\/div>\n\n            \n<style>\n#banner-1703939515 {\n  padding-top: 300px;\n  background-color: rgb(255, 255, 255);\n}\n#banner-1703939515 .bg.bg-loaded {\n  background-image: 5077;\n}\n#banner-1703939515 .bg {\n  background-position: 100% 100%;\n}\n@media (min-width:550px) {\n  #banner-1703939515 {\n    padding-top: 400px;\n  }\n}\n@media (min-width:850px) {\n  #banner-1703939515 {\n    padding-top: 350px;\n  }\n}\n<\/style>\n  <\/div>\n\n\n\n\t\t<\/div>\n\t\t\t\t\n<style>\n#col-1439115371 > .col-inner {\n  margin: 0px 0px 10px 0px;\n}\n<\/style>\n\t<\/div>\n\n\t\n\n<\/div>\n<div class=\"row align-center\"  id=\"row-894332746\">\n\n\n\t<div id=\"col-730878769\" class=\"col medium-10 small-12 large-10\"  >\n\t\t\t\t<div class=\"col-inner\"  >\n\t\t\t\n\t\t\t\n\n\t<div id=\"text-3366117021\" class=\"text\">\n\t\t\n\n<h2>10. Banya&#8217;t a la Cala Maria, de les millors cales de la zona<\/h2>\n<p>Una cala diferent a la resta. La Cala Maria \u00e9s una de les cales m\u00e9s boniques i tranquil\u00b7les de la costa de l\u2019Ampolla i el sud de la Costa Daurada. Passa una tarda pac\u00edfica descansant sota el brillant sol estiuenc i banya&#8217;t a les aig\u00fces calmades d&#8217;aquesta rec\u00f2ndita i preciosa cala de l\u2019Ampolla.<\/p>\n\t\t\n<style>\n#text-3366117021 {\n  text-align: left;\n}\n<\/style>\n\t<\/div>\n\t\n\n\t\t<\/div>\n\t\t\t\t\t<\/div>\n\n\t\n\n<\/div>\n<div class=\"row\"  id=\"row-479342021\">\n\n\n\t<div id=\"col-784045130\" class=\"col medium-6 small-12 large-6\"  >\n\t\t\t\t<div class=\"col-inner\"  >\n\t\t\t\n\t\t\t\n\n\n  <div class=\"banner has-hover\" id=\"banner-632623303\">\n          <div class=\"banner-inner fill\">\n        <div class=\"banner-bg fill\" >\n            <div class=\"bg fill bg-fill bg-loaded\"><\/div>\n                                    \n                    <\/div>\n\t\t\n        <div class=\"banner-layers container\">\n            <div class=\"fill banner-link\"><\/div>            \n\n\n        <\/div>\n      <\/div>\n\n            \n<style>\n#banner-632623303 {\n  padding-top: 300px;\n  background-color: rgb(255, 255, 255);\n}\n#banner-632623303 .bg.bg-loaded {\n  background-image: 5081;\n}\n#banner-632623303 .bg {\n  background-position: 69% 79%;\n}\n@media (min-width:550px) {\n  #banner-632623303 {\n    padding-top: 400px;\n  }\n}\n@media (min-width:850px) {\n  #banner-632623303 {\n    padding-top: 350px;\n  }\n}\n<\/style>\n  <\/div>\n\n\n\n\t\t<\/div>\n\t\t\t\t\n<style>\n#col-784045130 > .col-inner {\n  margin: 0px 0px 10px 0px;\n}\n<\/style>\n\t<\/div>\n\n\t\n\n\t<div id=\"col-1139073999\" class=\"col medium-6 small-12 large-6\"  >\n\t\t\t\t<div class=\"col-inner\"  >\n\t\t\t\n\t\t\t\n\n\n  <div class=\"banner has-hover\" id=\"banner-130970513\">\n          <div class=\"banner-inner fill\">\n        <div class=\"banner-bg fill\" >\n            <div class=\"bg fill bg-fill bg-loaded\"><\/div>\n                                    \n                    <\/div>\n\t\t\n        <div class=\"banner-layers container\">\n            <div class=\"fill banner-link\"><\/div>            \n\n\n        <\/div>\n      <\/div>\n\n            \n<style>\n#banner-130970513 {\n  padding-top: 300px;\n  background-color: rgb(255, 255, 255);\n}\n#banner-130970513 .bg.bg-loaded {\n  background-image: 5085;\n}\n#banner-130970513 .bg {\n  background-position: 100% 100%;\n}\n@media (min-width:550px) {\n  #banner-130970513 {\n    padding-top: 400px;\n  }\n}\n@media (min-width:850px) {\n  #banner-130970513 {\n    padding-top: 350px;\n  }\n}\n<\/style>\n  <\/div>\n\n\n\n\t\t<\/div>\n\t\t\t\t\n<style>\n#col-1139073999 > .col-inner {\n  margin: 0px 0px 10px 0px;\n}\n<\/style>\n\t<\/div>\n\n\t\n\n<\/div>\n\n\t\t<\/div>\n\n\t\t\n<style>\n#section_2075605388 {\n  padding-top: 30px;\n  padding-bottom: 30px;\n}\n<\/style>\n\t<\/section>\n\t\n","protected":false},"excerpt":{"rendered":"<p>10 Cosas que hacer en l&#8217;Ampolla<\/p>\n","protected":false},"author":1,"featured_media":0,"comment_status":"open","ping_status":"open","sticky":false,"template":"","format":"standard","meta":{"inline_featured_image":false,"footnotes":""},"categories":[48],"tags":[],"class_list":["post-5665","post","type-post","status-publish","format-standard","hentry","category-articles-ca"],"yoast_head":"<!-- This site is optimized with the Yoast SEO plugin v21.7 - https:\/\/yoast.com\/wordpress\/plugins\/seo\/ -->\n<title>10 Coses que fer a l&#039;Ampolla - Camping Etxarri<\/title>\n<meta name=\"robots\" content=\"index, follow, max-snippet:-1, max-image-preview:large, max-video-preview:-1\" \/>\n<link rel=\"canonical\" href=\"https:\/\/campingetxarri.com\/ca\/10-cosas-que-hacer-en-lampolla\/\" \/>\n<meta property=\"og:locale\" content=\"ca_ES\" \/>\n<meta property=\"og:type\" content=\"article\" \/>\n<meta property=\"og:title\" content=\"10 Coses que fer a l&#039;Ampolla - Camping Etxarri\" \/>\n<meta property=\"og:description\" content=\"10 Cosas que hacer en l&#039;Ampolla\" \/>\n<meta property=\"og:url\" content=\"https:\/\/campingetxarri.com\/ca\/10-cosas-que-hacer-en-lampolla\/\" \/>\n<meta property=\"og:site_name\" content=\"Camping Etxarri\" \/>\n<meta property=\"article:published_time\" content=\"2023-03-22T09:23:38+00:00\" \/>\n<meta property=\"article:modified_time\" content=\"2023-06-12T11:46:22+00:00\" \/>\n<meta property=\"og:image\" content=\"https:\/\/campingetxarri.com\/wp-content\/uploads\/2023\/03\/destacat_platja_5.webp\" \/>\n\t<meta property=\"og:image:width\" content=\"1800\" \/>\n\t<meta property=\"og:image:height\" content=\"350\" \/>\n\t<meta property=\"og:image:type\" content=\"image\/webp\" \/>\n<meta name=\"author\" content=\"admin\" \/>\n<meta name=\"twitter:card\" content=\"summary_large_image\" \/>\n<meta name=\"twitter:label1\" content=\"Escrit per\" \/>\n\t<meta name=\"twitter:data1\" content=\"admin\" \/>\n\t<meta name=\"twitter:label2\" content=\"Temps estimat de lectura\" \/>\n\t<meta name=\"twitter:data2\" content=\"6 minuts\" \/>\n<script type=\"application\/ld+json\" class=\"yoast-schema-graph\">{\"@context\":\"https:\/\/schema.org\",\"@graph\":[{\"@type\":\"WebPage\",\"@id\":\"https:\/\/campingetxarri.com\/ca\/10-cosas-que-hacer-en-lampolla\/\",\"url\":\"https:\/\/campingetxarri.com\/ca\/10-cosas-que-hacer-en-lampolla\/\",\"name\":\"10 Coses que fer a l'Ampolla - Camping Etxarri\",\"isPartOf\":{\"@id\":\"https:\/\/campingetxarri.com\/ca\/#website\"},\"datePublished\":\"2023-03-22T09:23:38+00:00\",\"dateModified\":\"2023-06-12T11:46:22+00:00\",\"author\":{\"@id\":\"https:\/\/campingetxarri.com\/ca\/#\/schema\/person\/cc6d74952de23e6a0182b05c1a9ea744\"},\"breadcrumb\":{\"@id\":\"https:\/\/campingetxarri.com\/ca\/10-cosas-que-hacer-en-lampolla\/#breadcrumb\"},\"inLanguage\":\"ca\",\"potentialAction\":[{\"@type\":\"ReadAction\",\"target\":[\"https:\/\/campingetxarri.com\/ca\/10-cosas-que-hacer-en-lampolla\/\"]}]},{\"@type\":\"BreadcrumbList\",\"@id\":\"https:\/\/campingetxarri.com\/ca\/10-cosas-que-hacer-en-lampolla\/#breadcrumb\",\"itemListElement\":[{\"@type\":\"ListItem\",\"position\":1,\"name\":\"Portada\",\"item\":\"https:\/\/campingetxarri.com\/ca\/\"},{\"@type\":\"ListItem\",\"position\":2,\"name\":\"10 Coses que fer a l&#8217;Ampolla\"}]},{\"@type\":\"WebSite\",\"@id\":\"https:\/\/campingetxarri.com\/ca\/#website\",\"url\":\"https:\/\/campingetxarri.com\/ca\/\",\"name\":\"Camping Etxarri\",\"description\":\"\",\"potentialAction\":[{\"@type\":\"SearchAction\",\"target\":{\"@type\":\"EntryPoint\",\"urlTemplate\":\"https:\/\/campingetxarri.com\/ca\/?s={search_term_string}\"},\"query-input\":\"required name=search_term_string\"}],\"inLanguage\":\"ca\"},{\"@type\":\"Person\",\"@id\":\"https:\/\/campingetxarri.com\/ca\/#\/schema\/person\/cc6d74952de23e6a0182b05c1a9ea744\",\"name\":\"admin\",\"image\":{\"@type\":\"ImageObject\",\"inLanguage\":\"ca\",\"@id\":\"https:\/\/campingetxarri.com\/ca\/#\/schema\/person\/image\/\",\"url\":\"https:\/\/secure.gravatar.com\/avatar\/49e4261015c8d254e965ab6821421589b330da84ba0cba9b62d2d5727dc7f979?s=96&d=mm&r=g\",\"contentUrl\":\"https:\/\/secure.gravatar.com\/avatar\/49e4261015c8d254e965ab6821421589b330da84ba0cba9b62d2d5727dc7f979?s=96&d=mm&r=g\",\"caption\":\"admin\"},\"sameAs\":[\"https:\/\/campingetxarri.com\"],\"url\":\"https:\/\/campingetxarri.com\/ca\/author\/admin\/\"}]}<\/script>\n<!-- \/ Yoast SEO plugin. -->","yoast_head_json":{"title":"10 Coses que fer a l'Ampolla - Camping Etxarri","robots":{"index":"index","follow":"follow","max-snippet":"max-snippet:-1","max-image-preview":"max-image-preview:large","max-video-preview":"max-video-preview:-1"},"canonical":"https:\/\/campingetxarri.com\/ca\/10-cosas-que-hacer-en-lampolla\/","og_locale":"ca_ES","og_type":"article","og_title":"10 Coses que fer a l'Ampolla - Camping Etxarri","og_description":"10 Cosas que hacer en l'Ampolla","og_url":"https:\/\/campingetxarri.com\/ca\/10-cosas-que-hacer-en-lampolla\/","og_site_name":"Camping Etxarri","article_published_time":"2023-03-22T09:23:38+00:00","article_modified_time":"2023-06-12T11:46:22+00:00","og_image":[{"width":1800,"height":350,"url":"https:\/\/campingetxarri.com\/wp-content\/uploads\/2023\/03\/destacat_platja_5.webp","type":"image\/webp"}],"author":"admin","twitter_card":"summary_large_image","twitter_misc":{"Escrit per":"admin","Temps estimat de lectura":"6 minuts"},"schema":{"@context":"https:\/\/schema.org","@graph":[{"@type":"WebPage","@id":"https:\/\/campingetxarri.com\/ca\/10-cosas-que-hacer-en-lampolla\/","url":"https:\/\/campingetxarri.com\/ca\/10-cosas-que-hacer-en-lampolla\/","name":"10 Coses que fer a l'Ampolla - Camping Etxarri","isPartOf":{"@id":"https:\/\/campingetxarri.com\/ca\/#website"},"datePublished":"2023-03-22T09:23:38+00:00","dateModified":"2023-06-12T11:46:22+00:00","author":{"@id":"https:\/\/campingetxarri.com\/ca\/#\/schema\/person\/cc6d74952de23e6a0182b05c1a9ea744"},"breadcrumb":{"@id":"https:\/\/campingetxarri.com\/ca\/10-cosas-que-hacer-en-lampolla\/#breadcrumb"},"inLanguage":"ca","potentialAction":[{"@type":"ReadAction","target":["https:\/\/campingetxarri.com\/ca\/10-cosas-que-hacer-en-lampolla\/"]}]},{"@type":"BreadcrumbList","@id":"https:\/\/campingetxarri.com\/ca\/10-cosas-que-hacer-en-lampolla\/#breadcrumb","itemListElement":[{"@type":"ListItem","position":1,"name":"Portada","item":"https:\/\/campingetxarri.com\/ca\/"},{"@type":"ListItem","position":2,"name":"10 Coses que fer a l&#8217;Ampolla"}]},{"@type":"WebSite","@id":"https:\/\/campingetxarri.com\/ca\/#website","url":"https:\/\/campingetxarri.com\/ca\/","name":"Camping Etxarri","description":"","potentialAction":[{"@type":"SearchAction","target":{"@type":"EntryPoint","urlTemplate":"https:\/\/campingetxarri.com\/ca\/?s={search_term_string}"},"query-input":"required name=search_term_string"}],"inLanguage":"ca"},{"@type":"Person","@id":"https:\/\/campingetxarri.com\/ca\/#\/schema\/person\/cc6d74952de23e6a0182b05c1a9ea744","name":"admin","image":{"@type":"ImageObject","inLanguage":"ca","@id":"https:\/\/campingetxarri.com\/ca\/#\/schema\/person\/image\/","url":"https:\/\/secure.gravatar.com\/avatar\/49e4261015c8d254e965ab6821421589b330da84ba0cba9b62d2d5727dc7f979?s=96&d=mm&r=g","contentUrl":"https:\/\/secure.gravatar.com\/avatar\/49e4261015c8d254e965ab6821421589b330da84ba0cba9b62d2d5727dc7f979?s=96&d=mm&r=g","caption":"admin"},"sameAs":["https:\/\/campingetxarri.com"],"url":"https:\/\/campingetxarri.com\/ca\/author\/admin\/"}]}},"_links":{"self":[{"href":"https:\/\/campingetxarri.com\/ca\/wp-json\/wp\/v2\/posts\/5665","targetHints":{"allow":["GET"]}}],"collection":[{"href":"https:\/\/campingetxarri.com\/ca\/wp-json\/wp\/v2\/posts"}],"about":[{"href":"https:\/\/campingetxarri.com\/ca\/wp-json\/wp\/v2\/types\/post"}],"author":[{"embeddable":true,"href":"https:\/\/campingetxarri.com\/ca\/wp-json\/wp\/v2\/users\/1"}],"replies":[{"embeddable":true,"href":"https:\/\/campingetxarri.com\/ca\/wp-json\/wp\/v2\/comments?post=5665"}],"version-history":[{"count":6,"href":"https:\/\/campingetxarri.com\/ca\/wp-json\/wp\/v2\/posts\/5665\/revisions"}],"predecessor-version":[{"id":7029,"href":"https:\/\/campingetxarri.com\/ca\/wp-json\/wp\/v2\/posts\/5665\/revisions\/7029"}],"wp:attachment":[{"href":"https:\/\/campingetxarri.com\/ca\/wp-json\/wp\/v2\/media?parent=5665"}],"wp:term":[{"taxonomy":"category","embeddable":true,"href":"https:\/\/campingetxarri.com\/ca\/wp-json\/wp\/v2\/categories?post=5665"},{"taxonomy":"post_tag","embeddable":true,"href":"https:\/\/campingetxarri.com\/ca\/wp-json\/wp\/v2\/tags?post=5665"}],"curies":[{"name":"wp","href":"https:\/\/api.w.org\/{rel}","templated":true}]}}